{"id":1949,"date":"2025-07-08T12:11:45","date_gmt":"2025-07-08T10:11:45","guid":{"rendered":"https:\/\/el-gran-dialogo.gabinetecomunicacionyeducacion.com\/?p=1949"},"modified":"2025-10-09T11:36:24","modified_gmt":"2025-10-09T09:36:24","slug":"christian-abelaira-2","status":"publish","type":"post","link":"https:\/\/el-gran-dialogo.gabinetecomunicacionyeducacion.com\/ca\/ponents\/christian-abelaira-2\/","title":{"rendered":"Christian Abelaira"},"content":{"rendered":"<p><strong><a href=\"https:\/\/www.instagram.com\/christianabelaira_\/\">Christian Abelaira<\/a><\/strong> \u00e9s un emprenedor del sector de l\u2019hostaleria i coach motivacional. Llicenciat en Dret i Administraci\u00f3 d\u2019Empreses, ha treballat per a companyies com el Banco Santander, Sportingbet, Ica Foods o el Grup Travi, entre moltes altres. Actualment exerceix com a director d\u2019hostaleria del Grup Amnesia, a Eivissa.<\/p>\n<p>Tamb\u00e9 \u00e9s l\u2019impulsor del projecte transformacional 9 Llunes, una iniciativa de desenvolupament personal que documenta el seu propi proc\u00e9s de canvi f\u00edsic, mental i emocional al llarg de 270 dies, coincidint amb nou cicles lunars. A trav\u00e9s de plataformes com YouTube i TikTok, comparteix di\u00e0riament reflexions, reptes i aprenentatges, amb l\u2019objectiu d\u2019inspirar altres persones a emprendre el seu propi cam\u00ed d\u2019autoconeixement i millora cont\u00ednua.<\/p>\n","protected":false},"excerpt":{"rendered":"<p>Emprenedor del sector de l\u2019hostaleria, advocat i motivador<\/p>\n","protected":false},"author":3,"featured_media":1845,"comment_status":"open","ping_status":"open","sticky":false,"template":"","format":"standard","meta":{"_et_pb_use_builder":"off","_et_pb_old_content":"","_et_gb_content_width":"","_jetpack_memberships_contains_paid_content":false,"footnotes":""},"categories":[35],"tags":[],"class_list":["post-1949","post","type-post","status-publish","format-standard","has-post-thumbnail","hentry","category-ponents"],"jetpack_featured_media_url":"https:\/\/el-gran-dialogo.gabinetecomunicacionyeducacion.com\/wp-content\/uploads\/2025\/07\/Cristian-Abelaira.jpg","jetpack_sharing_enabled":true,"_links":{"self":[{"href":"https:\/\/el-gran-dialogo.gabinetecomunicacionyeducacion.com\/ca\/wp-json\/wp\/v2\/posts\/1949","targetHints":{"allow":["GET"]}}],"collection":[{"href":"https:\/\/el-gran-dialogo.gabinetecomunicacionyeducacion.com\/ca\/wp-json\/wp\/v2\/posts"}],"about":[{"href":"https:\/\/el-gran-dialogo.gabinetecomunicacionyeducacion.com\/ca\/wp-json\/wp\/v2\/types\/post"}],"author":[{"embeddable":true,"href":"https:\/\/el-gran-dialogo.gabinetecomunicacionyeducacion.com\/ca\/wp-json\/wp\/v2\/users\/3"}],"replies":[{"embeddable":true,"href":"https:\/\/el-gran-dialogo.gabinetecomunicacionyeducacion.com\/ca\/wp-json\/wp\/v2\/comments?post=1949"}],"version-history":[{"count":2,"href":"https:\/\/el-gran-dialogo.gabinetecomunicacionyeducacion.com\/ca\/wp-json\/wp\/v2\/posts\/1949\/revisions"}],"predecessor-version":[{"id":1951,"href":"https:\/\/el-gran-dialogo.gabinetecomunicacionyeducacion.com\/ca\/wp-json\/wp\/v2\/posts\/1949\/revisions\/1951"}],"wp:featuredmedia":[{"embeddable":true,"href":"https:\/\/el-gran-dialogo.gabinetecomunicacionyeducacion.com\/ca\/wp-json\/wp\/v2\/media\/1845"}],"wp:attachment":[{"href":"https:\/\/el-gran-dialogo.gabinetecomunicacionyeducacion.com\/ca\/wp-json\/wp\/v2\/media?parent=1949"}],"wp:term":[{"taxonomy":"category","embeddable":true,"href":"https:\/\/el-gran-dialogo.gabinetecomunicacionyeducacion.com\/ca\/wp-json\/wp\/v2\/categories?post=1949"},{"taxonomy":"post_tag","embeddable":true,"href":"https:\/\/el-gran-dialogo.gabinetecomunicacionyeducacion.com\/ca\/wp-json\/wp\/v2\/tags?post=1949"}],"curies":[{"name":"wp","href":"https:\/\/api.w.org\/{rel}","templated":true}]}}