{"id":1930,"date":"2025-07-31T13:29:38","date_gmt":"2025-07-31T11:29:38","guid":{"rendered":"https:\/\/el-gran-dialogo.gabinetecomunicacionyeducacion.com\/?p=1930"},"modified":"2025-09-12T11:16:18","modified_gmt":"2025-09-12T09:16:18","slug":"ramon-salaverria-protagonitzara-la-penultima-sessio-de-el-gran-dialogo","status":"publish","type":"post","link":"https:\/\/el-gran-dialogo.gabinetecomunicacionyeducacion.com\/ca\/dialegs-ca\/ramon-salaverria-protagonitzara-la-penultima-sessio-de-el-gran-dialogo\/","title":{"rendered":"Ram\u00f3n Salaverr\u00eda protagonitzar\u00e0 la pen\u00faltima sessi\u00f3 de &#8216;El Gran Di\u00e1logo&#8217;"},"content":{"rendered":"\n<p>El <strong>Gabinete de Comunicaci\u00f3n y Educaci\u00f3n<\/strong> de la <strong>Universitat Aut\u00f2noma de Barcelona<\/strong>, sota la direcci\u00f3 del catedr\u00e0tic <strong>Santiago Tejedor<\/strong>, organitza la quinzena sessi\u00f3 del cicle &#8220;<em><strong>El Gran Di\u00e1logo<\/strong><\/em>&#8220;. La trobada, titulada \u201c<strong>Autocura: reptes i objectius<\/strong>\u201d, tindr\u00e0 lloc el proper <strong>dimarts 7 d&#8217;octubre de 2025<\/strong>, a les <strong>18:00 h<\/strong> (hora d\u2019Espanya) i estar\u00e0 protagonitzada pel catedr\u00e0tic de periodisme <strong><a href=\"https:\/\/el-gran-dialogo.gabinetecomunicacionyeducacion.com\/ca\/ponents\/ramon-salaverria\/\" data-type=\"post\" data-id=\"1938\">Ram\u00f3n Salaverr\u00eda<\/a><\/strong>.<\/p>\n\n\n\n<p>La sessi\u00f3, que ser\u00e0 moderada per <strong>Santiago Tejedor<\/strong>, ens permetr\u00e0 reflexionar sobre <strong>l\u2019equilibri entre la vida professional i personal, especialment en contextos d\u2019alta exig\u00e8ncia com el periodisme i l\u2019acad\u00e8mia<\/strong>. Les persones interessades a participar-hi o a obtenir m\u00e9s informaci\u00f3 poden inscriure\u2019s a trav\u00e9s de <strong><a href=\"https:\/\/docs.google.com\/forms\/d\/e\/1FAIpQLSfMBeimMjNlu_pVwF8x6Oh7NatbEIVvEd4TwV5GKtqhZOrasg\/viewform\" target=\"_blank\" rel=\"noreferrer noopener\">l\u2019enlla\u00e7 oficial<\/a><\/strong> o contactar mitjan\u00e7ant el correu: <a href=\"mailto:g.comunicacio.educacio@uab.cat\">g.comunicacio.educacio@uab.cat<\/a>.<\/p>\n\n\n\n<p>La confer\u00e8ncia formar\u00e0 part de \u201c<strong><em>El Gran Di\u00e1logo<\/em><\/strong>\u201d, una s\u00e8rie de 14 trobades virtuals destinades a promoure l\u2019intercanvi d\u2019idees i la col\u00b7laboraci\u00f3 en temes clau per a l\u2019educaci\u00f3 i la societat contempor\u00e0nia. Aquesta iniciativa, liderada pel Gabinet sota la direcci\u00f3 de&nbsp;<strong>Santiago Tejedor<\/strong>, compta amb el suport del&nbsp;<strong>Departament de Recerca i Universitats de la Generalitat de Catalunya<\/strong>.<\/p>\n\n\n\n<p>Aquest projecte busca reunir m\u00e9s de 1.200 estudiants, 100 professors i 200 actors socials procedents de 12 universitats i m\u00e9s de 10 pa\u00efsos d\u2019Iberoam\u00e8rica. \u201cEl Gran Di\u00e1logo\u201d pret\u00e9n ser un espai de reflexi\u00f3 activa i col\u00b7laborativa, orientat a generar solucions per als reptes educatius i socials del segle XXI i est\u00e0 compost, al seu torn, per dos projectes principals:<\/p>\n\n\n\n<figure class=\"wp-block-image size-full\"><img loading=\"lazy\" decoding=\"async\" width=\"824\" height=\"463\" src=\"https:\/\/el-gran-dialogo.gabinetecomunicacionyeducacion.com\/wp-content\/uploads\/2025\/02\/Captura-de-pantalla-2025-02-03-a-las-12.35.32.png\" alt=\"\" class=\"wp-image-475\" srcset=\"https:\/\/el-gran-dialogo.gabinetecomunicacionyeducacion.com\/wp-content\/uploads\/2025\/02\/Captura-de-pantalla-2025-02-03-a-las-12.35.32.png 824w, https:\/\/el-gran-dialogo.gabinetecomunicacionyeducacion.com\/wp-content\/uploads\/2025\/02\/Captura-de-pantalla-2025-02-03-a-las-12.35.32-480x270.png 480w\" sizes=\"(min-width: 0px) and (max-width: 480px) 480px, (min-width: 481px) 824px, 100vw\" \/><\/figure>\n\n\n\n<p><strong><a href=\"https:\/\/el-gran-dialogo.gabinetecomunicacionyeducacion.com\/ca\/pandemials\/\">Pandemials: No est\u00e0s sol!<\/a><\/strong>&nbsp;aborda la gesti\u00f3 de la solitud en l\u2019\u00e0mbit universitari, un fenomen creixent en l\u2019era digital. A trav\u00e9s d\u2019aquests di\u00e0legs, es tractaran temes com l\u2019ansietat, l\u2019autocura i els reptes de l\u2019empatia i la comunicaci\u00f3 digital, amb l\u2019objectiu de desestigmatitzar la solitud i promoure el suport mutu.<\/p>\n\n\n\n<p><strong><a href=\"https:\/\/el-gran-dialogo.gabinetecomunicacionyeducacion.com\/ca\/planeta-campus\/\">Planeta Campus: Paraules d\u2019impacte que construeixen i creen<\/a><\/strong>&nbsp;convida a reflexionar sobre temes com la sostenibilitat, l\u2019humanisme digital i la cultura de pau. El projecte busca enfortir la relaci\u00f3 entre les universitats i la societat mitjan\u00e7ant un debat interdisciplinari.<\/p>\n\n\n\n<p>Aquesta s\u00e8rie de trobades prometen ser una oportunitat \u00fanica per enfortir lla\u00e7os entre diferents comunitats acad\u00e8miques i socials, promovent un di\u00e0leg global per construir un futur m\u00e9s inclusiu i sostenible.<\/p>\n\n\n\n<p>El&nbsp;<strong>Gabinet de Comunicaci\u00f3 i d\u2019Educaci\u00f3<\/strong>&nbsp;\u00e9s un&nbsp;<a href=\"https:\/\/www.gabinetecomunicacionyeducacion.com\/es\" target=\"_blank\" rel=\"noreferrer noopener\">grup consolidat i especialitzat<\/a>&nbsp;en la recerca i divulgaci\u00f3 cient\u00edfica, que pertany al Departament de Periodisme i Ci\u00e8ncies de la Comunicaci\u00f3 de la&nbsp;<strong>UAB<\/strong>. Reconegut per l\u2019<strong>AGAUR<\/strong>&nbsp;(Ag\u00e8ncia de Gesti\u00f3 d\u2019Ajuts Universitaris i de Recerca) de la Generalitat de Catalunya com a Grup de Recerca Consolidat en funci\u00f3 de la seva traject\u00f2ria, projecci\u00f3 i desenvolupament, desenvolupa projectes i investigacions en el terreny de converg\u00e8ncia entre la comunicaci\u00f3 i l\u2019educaci\u00f3. Des de la seva creaci\u00f3, ha impulsat iniciatives destinades a integrar, amb consci\u00e8ncia i llibertat, les tecnologies de la comunicaci\u00f3 en l\u2019anomenada societat global o del coneixement. Sota la direcci\u00f3 de&nbsp;<strong>Santiago Tejedor<\/strong>, el Gabinet organitza diferents m\u00e0sters propis, com el&nbsp;<strong>M\u00e0ster en Periodisme de Viatges<\/strong>&nbsp;(presencial i en l\u00ednia), el&nbsp;<strong>M\u00e0ster de Comunicaci\u00f3 i Educaci\u00f3<\/strong>, el&nbsp;<strong>M\u00e0ster de Comunicaci\u00f3 del Medi Ambient<\/strong>&nbsp;i el&nbsp;<strong>M\u00e0ster en Gesti\u00f3 de la Comunicaci\u00f3 Pol\u00edtica i Electoral<\/strong>. El grup compta amb una col\u00b7lecci\u00f3 molt \u00e0mplia i variada de publicacions, en forma d\u2019<a href=\"https:\/\/www.gabinetecomunicacionyeducacion.com\/es\/articulos-cientificos\" target=\"_blank\" rel=\"noreferrer noopener\">articles cient\u00edfics<\/a>,&nbsp;<a href=\"https:\/\/www.gabinetecomunicacionyeducacion.com\/es\/libros-y-capitulos-de-libro\" target=\"_blank\" rel=\"noreferrer noopener\">llibres i cap\u00edtols de llibre<\/a>, entre d\u2019<a href=\"https:\/\/www.gabinetecomunicacionyeducacion.com\/es\/publicaciones\" target=\"_blank\" rel=\"noreferrer noopener\">altres<\/a>, que es renova constantment. A m\u00e9s, disposa d\u2019un&nbsp;<strong>laboratori de&nbsp;<a href=\"https:\/\/www.gabinetecomunicacionyeducacion.com\/es\/proyectos\" target=\"_blank\" rel=\"noreferrer noopener\">projectes&nbsp;<\/a>d\u2019innovaci\u00f3 docent, transfer\u00e8ncia i nous formats<\/strong>&nbsp;que es conceben i desenvolupen des d\u2019una perspectiva basada en la creativitat i el treball multidisciplinari. El Gabinet organitza cada any una expedici\u00f3 acad\u00e8mica que recorre el m\u00f3n amb estudiants de diferents universitats i carreres. Es tracta de l\u2019<strong><a href=\"https:\/\/www.tahina-can.org\/\" target=\"_blank\" rel=\"noreferrer noopener\">Expedici\u00f3 Tahina-Can<\/a><\/strong>, que ha estat guardonada com a millor projecte educatiu d\u2019Espanya. A m\u00e9s, compta amb el portal&nbsp;<strong><a href=\"https:\/\/www.tuaventura.com\/\" target=\"_blank\" rel=\"noreferrer noopener\">Tu Aventura<\/a><\/strong>, la&nbsp;<strong><a href=\"https:\/\/www.infoedu.es\/\" target=\"_blank\" rel=\"noreferrer noopener\">plataforma educativa InfoEDU<\/a><\/strong>&nbsp;i el projecte de&nbsp;<strong>newsgames i ci\u00e8ncia&nbsp;<a href=\"https:\/\/reporterosdelaciencia.com\/\" target=\"_blank\" rel=\"noreferrer noopener\">Reporters de la Ci\u00e8ncia<\/a><\/strong>.<\/p>\n","protected":false},"excerpt":{"rendered":"<p>Inscriu-te a la quinzena sessi\u00f3 de &#8216;El Gran Di\u00e1logo&#8217;<\/p>\n","protected":false},"author":3,"featured_media":1988,"comment_status":"open","ping_status":"open","sticky":false,"template":"","format":"standard","meta":{"_et_pb_use_builder":"off","_et_pb_old_content":"","_et_gb_content_width":"","_jetpack_memberships_contains_paid_content":false,"footnotes":""},"categories":[31,49,38],"tags":[],"class_list":["post-1930","post","type-post","status-publish","format-standard","has-post-thumbnail","hentry","category-dialegs-ca","category-dialegs-pandemials-ca","category-noticies-ca"],"jetpack_featured_media_url":"https:\/\/el-gran-dialogo.gabinetecomunicacionyeducacion.com\/wp-content\/uploads\/2025\/07\/5.png","jetpack_sharing_enabled":true,"_links":{"self":[{"href":"https:\/\/el-gran-dialogo.gabinetecomunicacionyeducacion.com\/ca\/wp-json\/wp\/v2\/posts\/1930","targetHints":{"allow":["GET"]}}],"collection":[{"href":"https:\/\/el-gran-dialogo.gabinetecomunicacionyeducacion.com\/ca\/wp-json\/wp\/v2\/posts"}],"about":[{"href":"https:\/\/el-gran-dialogo.gabinetecomunicacionyeducacion.com\/ca\/wp-json\/wp\/v2\/types\/post"}],"author":[{"embeddable":true,"href":"https:\/\/el-gran-dialogo.gabinetecomunicacionyeducacion.com\/ca\/wp-json\/wp\/v2\/users\/3"}],"replies":[{"embeddable":true,"href":"https:\/\/el-gran-dialogo.gabinetecomunicacionyeducacion.com\/ca\/wp-json\/wp\/v2\/comments?post=1930"}],"version-history":[{"count":4,"href":"https:\/\/el-gran-dialogo.gabinetecomunicacionyeducacion.com\/ca\/wp-json\/wp\/v2\/posts\/1930\/revisions"}],"predecessor-version":[{"id":1987,"href":"https:\/\/el-gran-dialogo.gabinetecomunicacionyeducacion.com\/ca\/wp-json\/wp\/v2\/posts\/1930\/revisions\/1987"}],"wp:featuredmedia":[{"embeddable":true,"href":"https:\/\/el-gran-dialogo.gabinetecomunicacionyeducacion.com\/ca\/wp-json\/wp\/v2\/media\/1988"}],"wp:attachment":[{"href":"https:\/\/el-gran-dialogo.gabinetecomunicacionyeducacion.com\/ca\/wp-json\/wp\/v2\/media?parent=1930"}],"wp:term":[{"taxonomy":"category","embeddable":true,"href":"https:\/\/el-gran-dialogo.gabinetecomunicacionyeducacion.com\/ca\/wp-json\/wp\/v2\/categories?post=1930"},{"taxonomy":"post_tag","embeddable":true,"href":"https:\/\/el-gran-dialogo.gabinetecomunicacionyeducacion.com\/ca\/wp-json\/wp\/v2\/tags?post=1930"}],"curies":[{"name":"wp","href":"https:\/\/api.w.org\/{rel}","templated":true}]}}